{"id":2500,"date":"2022-06-30T13:00:59","date_gmt":"2022-06-30T11:00:59","guid":{"rendered":"https:\/\/declarena.pl\/?p=2500"},"modified":"2022-07-01T18:13:32","modified_gmt":"2022-07-01T16:13:32","slug":"polski-lad-2-0-co-czeka-nas-od-lipca-2022","status":"publish","type":"post","link":"https:\/\/declarena.pl\/index.php\/2022\/06\/30\/polski-lad-2-0-co-czeka-nas-od-lipca-2022\/","title":{"rendered":"Polski \u0141ad 2.0 &#8211; Co czeka nas od lipca 2022?"},"content":{"rendered":"\n<p><strong>Polski \u0141ad 2.0 jakie zmiany wprowadza nowa rewolucja podatkowa?<\/strong><\/p>\n\n\n\n<ul class=\"wp-block-list\"><li><strong><em>Likwidacja ulgi dla klasy \u015bredniej<\/em><\/strong> &#8211; Pierwotnie mia\u0142a by\u0107 systemem zabezpieczaj\u0105cym podatnik\u00f3w zarabiaj\u0105cych od 68 do oko\u0142o 134 tysi\u0119cy z\u0142\/rocznie, przed zmianami wprowadzonymi przez pierwsz\u0105 wersj\u0119 Polskiego \u0141adu.  Mia\u0142a by\u0107 gwarancj\u0105, \u017ce ww. osoby nie strac\u0105 na nowych rozwi\u0105zaniach podatkowych. Ulga dla klasy \u015bredniej wprowadzi\u0142a jednak wi\u0119cej zamieszania dla ksi\u0119gowych oraz os\u00f3b, kt\u00f3rym mia\u0142a s\u0142u\u017cy\u0107. Dlatego postanowiono ca\u0142kowicie z niej zrezygnowa\u0107.<\/li><\/ul>\n\n\n\n<p><\/p>\n\n\n\n<ul class=\"wp-block-list\"><li><strong><em>Nowe stawki PIT <\/em><\/strong>&#8211; Zmiana stawki podatku dochodowego z 17% na 12%. Zmiana ta obejmie osoby rozliczaj\u0105ce si\u0119 wed\u0142ug <strong>skali podatkowej<\/strong>, przedsi\u0119biorcy dzia\u0142aj\u0105cy na rycza\u0142cie lub podatku liniowym <strong>mog\u0105 zmieni\u0107 form\u0119 opodatkowania<\/strong>, aby skorzysta\u0107 z nowej stawki. Zatem dla wielu firm by\u0142aby to ju\u017c druga w tym roku zmiana formy opodatkowania, przecie\u017c przed wej\u015bciem pierwotnej wersji Polskiego \u0141adu wielu przedsi\u0119biorc\u00f3w zdecydowa\u0142o si\u0119 na tak\u0105 zmian\u0119. Kwota wolna od podatku pozostaje bez zmian &#8211; 30 ty\u015b. z\u0142.<\/li><\/ul>\n\n\n\n<p><\/p>\n\n\n\n<ul class=\"wp-block-list\"><li><strong><em>Odliczenie sk\u0142adki zdrowotnej<\/em><\/strong> &#8211; Pierwotnie Polski \u0141ad pozbawi\u0142 nas mo\u017cliwo\u015bci odliczenia sk\u0142adki zdrowotnej, od 1 lipca taka mo\u017cliwo\u015b\u0107 powraca, ale nie dla ka\u017cdego. Pozbawieni tej opcji nadal pozostan\u0105 przedsi\u0119biorcy na skali podatkowej.<\/li><\/ul>\n\n\n\n<p><\/p>\n\n\n\n<ul class=\"wp-block-list\"><li><strong><em>JPK CIT\/PIT &#8211; Cyfryzacja ewidencji ksi\u0119gowej, nowe terminy<\/em><\/strong>:<\/li><\/ul>\n\n\n\n<p>a) Od 2024 roku Podatnicy CIT, kt\u00f3rych przychody za poprzedni rok podatkowy przekroczy\u0142y 50 mln euro.<\/p>\n\n\n\n<p>b) Od 2025 roku podatnicy CIT (inni ni\u017c w pkt 1) zobowi\u0105zani do przesy\u0142ania JPK_VAT oraz podatnicy PIT zobowi\u0105zani do przesy\u0142ania JPK_VAT<\/p>\n\n\n\n<p>c) Od 2026 roku pozostali podatnicy PIT i CIT<\/p>\n\n\n\n<p><\/p>\n\n\n\n<ul class=\"wp-block-list\"><li><strong><em>Rozliczenia samotnych rodzic\u00f3w z dzieckiem<\/em><\/strong> &#8211; Samotni rodzice maj\u0105 ponownie dosta\u0107 mo\u017cliwo\u015b\u0107 rozliczania si\u0119 z dzieckiem oraz skorzysta\u0107 podw\u00f3jnie z kwoty wolnej od podatku, bowiem dziecko b\u0119dzie liczone jako <strong>odr\u0119bny podatnik.<\/strong> <\/li><li>Zwi\u0119kszony zostanie r\u00f3wnie\u017c limit zarobk\u00f3w pe\u0142noletniego ucz\u0105cego si\u0119 dziecka uprawniaj\u0105cy do korzystania z ulgi dla samotnych rodzic\u00f3w. Do tej pory limit wynosi\u0142 3 089 z\u0142, zostanie on zwi\u0119kszony do dwunastokrotno\u015b\u0107 renty socjalnej zatem do kwoty 16 061,28 z\u0142.<\/li><\/ul>\n\n\n\n<p>\u0179r\u00f3d\u0142a: ksiegowosc.infor.pl | <\/p>\n\n\n\n<p><\/p>\n\n\n\n<p><\/p>\n","protected":false},"excerpt":{"rendered":"<p>Nowa wersja Polskiego \u0141adu ma wej\u015b\u0107 w \u017cycie ju\u017c 1 lipca 2022 roku, jakie zmiany przygotowali dla nas autorzy poprawek tej gigantycznej reformy podatkowej?<\/p>\n","protected":false},"author":2,"featured_media":2497,"comment_status":"open","ping_status":"open","sticky":false,"template":"","format":"standard","meta":{"footnotes":""},"categories":[73],"tags":[38,76,51,74,75,39,77,78],"class_list":["post-2500","post","type-post","status-publish","format-standard","has-post-thumbnail","hentry","category-polski-lad","tag-declarena","tag-jakie-zmiany-w-podatkach-od-lipca-2022","tag-ksiegowosc","tag-polski-lad","tag-polski-lad-2-0","tag-welten","tag-zmiany-podatkowe-2022","tag-zmiany-podatkowe-w-lipcu-2022"],"_links":{"self":[{"href":"https:\/\/declarena.pl\/index.php\/wp-json\/wp\/v2\/posts\/2500","targetHints":{"allow":["GET"]}}],"collection":[{"href":"https:\/\/declarena.pl\/index.php\/wp-json\/wp\/v2\/posts"}],"about":[{"href":"https:\/\/declarena.pl\/index.php\/wp-json\/wp\/v2\/types\/post"}],"author":[{"embeddable":true,"href":"https:\/\/declarena.pl\/index.php\/wp-json\/wp\/v2\/users\/2"}],"replies":[{"embeddable":true,"href":"https:\/\/declarena.pl\/index.php\/wp-json\/wp\/v2\/comments?post=2500"}],"version-history":[{"count":9,"href":"https:\/\/declarena.pl\/index.php\/wp-json\/wp\/v2\/posts\/2500\/revisions"}],"predecessor-version":[{"id":2510,"href":"https:\/\/declarena.pl\/index.php\/wp-json\/wp\/v2\/posts\/2500\/revisions\/2510"}],"wp:featuredmedia":[{"embeddable":true,"href":"https:\/\/declarena.pl\/index.php\/wp-json\/wp\/v2\/media\/2497"}],"wp:attachment":[{"href":"https:\/\/declarena.pl\/index.php\/wp-json\/wp\/v2\/media?parent=2500"}],"wp:term":[{"taxonomy":"category","embeddable":true,"href":"https:\/\/declarena.pl\/index.php\/wp-json\/wp\/v2\/categories?post=2500"},{"taxonomy":"post_tag","embeddable":true,"href":"https:\/\/declarena.pl\/index.php\/wp-json\/wp\/v2\/tags?post=2500"}],"curies":[{"name":"wp","href":"https:\/\/api.w.org\/{rel}","templated":true}]}}